{"id":947,"date":"2023-09-15T13:20:00","date_gmt":"2023-09-15T13:20:00","guid":{"rendered":"https:\/\/www.politolosko-drustvo.si\/?p=947"},"modified":"2023-11-17T08:28:39","modified_gmt":"2023-11-17T08:28:39","slug":"slovenski-politoloski-dan-2023","status":"publish","type":"post","link":"https:\/\/www.politolosko-drustvo.si\/en_us\/uncategorized\/slovenski-politoloski-dan-2023\/","title":{"rendered":"Slovenski politolo\u0161ki dan 2023"},"content":{"rendered":"<p class=\"has-text-align-left\">Vljudno vas vabimo na konferenco <strong>Politika v \u010dasu skrajnosti<\/strong>, ki bo potekala <strong>7. decembra 2023 na Fakulteti za dru\u017ebene vede.<\/strong><br>\u00a0<br>Slovenski politolo\u0161ki dan, ki ga organizirata Slovensko politolo\u0161ko dru\u0161tvo ter Oddelek za politologijo Fakultete za dru\u017ebene vede, bo letos potekal 7. decembra 2023 v Ljubljani na Fakulteti za dru\u017ebene vede. Na leto\u0161njem sre\u010danju bomo razpravljali o politi\u010dnih, dru\u017ebenih, gospodarskih in varnostnih razse\u017enostih ve\u010dplastnih krizah 21. stoletja. Ponavljajo\u010de se ekonomske krize, neoliberalne politike, zaostrovanje okoljske krize, geopoliti\u010dna rivalstva, pandemija, vojne, vzponi neo-fa\u0161izmov in neliberalnih politi\u010dnih re\u017eimov v prvih treh desetletjih 21. stoletja, ka\u017eejo, da je bila napoved o &#8216;koncu zgodovine&#8217; podana prehitro. Namesto tega lahko govorimo o &#8216;\u010dasu skrajnosti&#8217;, ki je zna\u010dilen tako za nacionalno politi\u010dno skupnosti kot za mednarodno okolje, o kriznem stanju mednarodne liberalne ureditve ter visoki stopnji negotovosti in spodkopavanja obstoje\u010dega politi\u010dno-ekonomskega reda.\u00a0<\/p>\n\n\n\n<p class=\"has-text-align-left\">Letno sre\u010danje bo prilo\u017enost za razmislek o \u010dasu ekstremov in permanentih kriz, za izmenjavo pogledov in stali\u0161\u010d do omenjenih izzivov. K sodelovanju vabimo vse zainteresirane raziskovalce, pedagoge, doktorske \u0161tudente, dodiplomske in podiplomske \u0161tudente, zainteresirane civilnodru\u017ebene organizacije, \u010dlane FDV in Alumnije UL.<\/p>\n\n\n\n<p class=\"has-text-align-left\">Lepo vabljeni!<\/p>\n\n\n\n<p><br>Ve\u010d informacij o programu konference najdete na <a href=\"https:\/\/www.fdv.uni-lj.si\/docs\/default-source\/2023-24\/povezavi.pdf?sfvrsn=0\">povezavi<\/a><\/p>\n\n\n\n<p>V upanju, da se 7. decembra\u00a0vidimo v\u00a0\u010dim ve\u010djem \u0161tevilu ter\u00a0naslovimo klju\u010dne probleme\u00a0in izzive politike v 21. stoletju v \u010dasu skrajnosti, vas lepo pozdravljamo. \u00a0<br>\u00a0<br>Doc. dr. Marko Ho\u010devar (predsednik SPOD)\u00a0<br>Doc. dr. Jelena Juvan (predstojnica Oddelka za politologijo, FDV)<\/p>\n\n\n\n<div class=\"wp-block-group is-layout-constrained wp-block-group-is-layout-constrained\"><div class=\"wp-block-group__inner-container\"><\/div><\/div>\n\n\n\n<p><\/p>","protected":false},"excerpt":{"rendered":"<p>Vljudno vas vabimo na konferenco Politika v \u010dasu skrajnosti, ki bo potekala 7. decembra 2023 na Fakulteti za dru\u017ebene vede.\u00a0Slovenski politolo\u0161ki dan, ki ga organizirata Slovensko politolo\u0161ko dru\u0161tvo ter Oddelek za politologijo Fakultete za dru\u017ebene vede, bo letos potekal 7. decembra 2023 v Ljubljani na Fakulteti za dru\u017ebene vede. Na leto\u0161njem sre\u010danju bomo razpravljali o [&hellip;]<\/p>","protected":false},"author":1,"featured_media":958,"comment_status":"closed","ping_status":"closed","sticky":false,"template":"","format":"standard","meta":{"pg_page_styles":[],"footnotes":""},"categories":[1],"tags":[],"_links":{"self":[{"href":"https:\/\/www.politolosko-drustvo.si\/en_us\/wp-json\/wp\/v2\/posts\/947"}],"collection":[{"href":"https:\/\/www.politolosko-drustvo.si\/en_us\/wp-json\/wp\/v2\/posts"}],"about":[{"href":"https:\/\/www.politolosko-drustvo.si\/en_us\/wp-json\/wp\/v2\/types\/post"}],"author":[{"embeddable":true,"href":"https:\/\/www.politolosko-drustvo.si\/en_us\/wp-json\/wp\/v2\/users\/1"}],"replies":[{"embeddable":true,"href":"https:\/\/www.politolosko-drustvo.si\/en_us\/wp-json\/wp\/v2\/comments?post=947"}],"version-history":[{"count":11,"href":"https:\/\/www.politolosko-drustvo.si\/en_us\/wp-json\/wp\/v2\/posts\/947\/revisions"}],"predecessor-version":[{"id":994,"href":"https:\/\/www.politolosko-drustvo.si\/en_us\/wp-json\/wp\/v2\/posts\/947\/revisions\/994"}],"wp:featuredmedia":[{"embeddable":true,"href":"https:\/\/www.politolosko-drustvo.si\/en_us\/wp-json\/wp\/v2\/media\/958"}],"wp:attachment":[{"href":"https:\/\/www.politolosko-drustvo.si\/en_us\/wp-json\/wp\/v2\/media?parent=947"}],"wp:term":[{"taxonomy":"category","embeddable":true,"href":"https:\/\/www.politolosko-drustvo.si\/en_us\/wp-json\/wp\/v2\/categories?post=947"},{"taxonomy":"post_tag","embeddable":true,"href":"https:\/\/www.politolosko-drustvo.si\/en_us\/wp-json\/wp\/v2\/tags?post=947"}],"curies":[{"name":"wp","href":"https:\/\/api.w.org\/{rel}","templated":true}]}}